{"id":2375,"date":"2021-04-29T10:59:29","date_gmt":"2021-04-29T08:59:29","guid":{"rendered":"https:\/\/service.conbrio.de\/service\/?p=2375"},"modified":"2024-07-05T11:04:56","modified_gmt":"2024-07-05T09:04:56","slug":"choco-studie","status":"publish","type":"post","link":"https:\/\/service.conbrio.de\/service\/choco-studie\/","title":{"rendered":"\u201eChoCo-Studie\u201c \u2013 neue musikzeitung (Ausgaben 2021\/05 und 2022\/12-2023-01)"},"content":{"rendered":"<p>\u00dcber 4.000 Ch\u00f6re aus Deutschland, \u00d6sterreich und der Schweiz haben im M\u00e4rz 2021 an einer Befragung zu den Auswirkungen der Pandemie auf ihre Aktivit\u00e4ten und Strukturen teilgenommen. In der Mai-Ausgabe 2021 der neuen musikzeitung pr\u00e4sentierten die Autor*innen der so genannten <strong>\u201eChoCo-Studie\u201c<\/strong> <a href=\"https:\/\/www.nmz.de\/artikel\/wie-die-pandemie-saemtliche-ebenen-der-chorarbeit-trifft\" target=\"_blank\" rel=\"noopener\">erste Ergebnisse der Auswertung in einer Kurzfassung<\/a> und diskutierten diese im <a href=\"https:\/\/www.nmz.de\/artikel\/perspektiven-fuer-einen-neustart-chormusik\" target=\"_blank\" rel=\"noopener\">Gespr\u00e4ch mit nmz-Chefredakteur Juan Martin Koch<\/a>.<\/p>\n<p>Um herauszufinden, wo die Ch\u00f6re im deutschsprachigen Raum ein Jahr sp\u00e4ter stehen, wurde die Befragung im M\u00e4rz 2022 wiederholt. Die Fortsetzung der ChoCo-Studie wurde dann wiederum in einer <a href=\"https:\/\/www.nmz.de\/artikel\/choere-im-zweiten-jahr-der-pandemie\">Kurzfassung<\/a> und einem <a href=\"https:\/\/www.nmz.de\/artikel\/luecken-im-kinderchor-und-im-publikum\">Gespr\u00e4ch<\/a> in der Dezember\/Januar-Ausgabe 2022\/23 der nmz vorgestellt.<\/p>\n<hr \/>\n<h3>DOWNLOAD ChoCo-Studie 2022<\/h3>\n<p>Eine ausf\u00fchrlichere Darstellung der Studienergebnisse von 2022 steht <a href=\"https:\/\/service.conbrio.de\/service\/download\/4357\/\"><strong>hier als PDF<\/strong> <strong>zum Download<\/strong><\/a> bereit. Und direkt hier zur Voransicht.<\/p>\n<a href=\"https:\/\/service.conbrio.de\/service\/download\/4357\/\" class=\"pdfemb-viewer\" style=\"\" data-width=\"max\" data-height=\"max\" data-toolbar=\"bottom\" data-toolbar-fixed=\"off\">Die \u201eChoCo-Studie\u201c in der Dezember-Ausgabe 2022 der neuen musikzeitung<\/a>\n<hr \/>\n<h3>DOWNLOAD ChoCo-Studie 2021<\/h3>\n<p>Eine ausf\u00fchrlichere Darstellung der Studienergebnisse von 2021 steht <a href=\"https:\/\/service.conbrio.de\/service\/download\/2377\/\"><strong>hier als PDF<\/strong> <strong>zum Download <\/strong><\/a>bereit. Und direkt hier zur Voransicht.<\/p>\n<a href=\"https:\/\/service.conbrio.de\/service\/wp-content\/uploads\/2021\/04\/ChoCo-Studie_NMZ_final.pdf\" class=\"pdfemb-viewer\" style=\"\" data-width=\"max\" data-height=\"max\" data-toolbar=\"bottom\" data-toolbar-fixed=\"off\">Die \u201eChoCo-Studie\u201c in der Mai-Ausgabe 2021 der neuen musikzeitung<\/a>\n<p>&nbsp;<\/p>\n<p>&nbsp;<\/p>\n<p>&nbsp;<\/p>\n<p>&nbsp;<\/p>\n","protected":false},"excerpt":{"rendered":"<p>\u00dcber 4.000 Ch\u00f6re aus Deutschland, \u00d6sterreich und der Schweiz haben im M\u00e4rz 2021 an einer Befragung zu den Auswirkungen der Pandemie auf ihre Aktivit\u00e4ten und Strukturen teilgenommen. In der Mai-Ausgabe <a href=\"https:\/\/service.conbrio.de\/service\/choco-studie\/\" class=\"more-link\">[&hellip;]<\/a><\/p>\n","protected":false},"author":1,"featured_media":0,"comment_status":"closed","ping_status":"closed","sticky":true,"template":"","format":"standard","meta":{"_uag_custom_page_level_css":"","episode_type":"","audio_file":"","podmotor_file_id":"","podmotor_episode_id":"","cover_image":"","cover_image_id":"","duration":"","filesize":"","filesize_raw":"","date_recorded":"","explicit":"","block":"","itunes_episode_number":"","itunes_title":"","itunes_season_number":"","itunes_episode_type":"","Layout":"","footnotes":""},"categories":[38,40],"tags":[39],"class_list":["entry","author-hufner","post-2375","post","type-post","status-publish","format-standard","category-material","category-nmz","tag-chorstudie"],"cc_featured_image_caption":{"caption_text":"","source_text":"","source_url":""},"uagb_featured_image_src":{"full":false,"thumbnail":false,"medium":false,"medium_large":false,"large":false,"1536x1536":false,"2048x2048":false,"post-thumbnail":false,"stargazer-full":false},"uagb_author_info":{"display_name":"nmz","author_link":"https:\/\/service.conbrio.de\/service\/author\/hufner\/"},"uagb_comment_info":0,"uagb_excerpt":"\u00dcber 4.000 Ch\u00f6re aus Deutschland, \u00d6sterreich und der Schweiz haben im M\u00e4rz 2021 an einer Befragung zu den Auswirkungen der Pandemie auf ihre Aktivit\u00e4ten und Strukturen teilgenommen. In der Mai-Ausgabe [&hellip;]","_links":{"self":[{"href":"https:\/\/service.conbrio.de\/service\/wp-json\/wp\/v2\/posts\/2375","targetHints":{"allow":["GET"]}}],"collection":[{"href":"https:\/\/service.conbrio.de\/service\/wp-json\/wp\/v2\/posts"}],"about":[{"href":"https:\/\/service.conbrio.de\/service\/wp-json\/wp\/v2\/types\/post"}],"author":[{"embeddable":true,"href":"https:\/\/service.conbrio.de\/service\/wp-json\/wp\/v2\/users\/1"}],"replies":[{"embeddable":true,"href":"https:\/\/service.conbrio.de\/service\/wp-json\/wp\/v2\/comments?post=2375"}],"version-history":[{"count":19,"href":"https:\/\/service.conbrio.de\/service\/wp-json\/wp\/v2\/posts\/2375\/revisions"}],"predecessor-version":[{"id":4366,"href":"https:\/\/service.conbrio.de\/service\/wp-json\/wp\/v2\/posts\/2375\/revisions\/4366"}],"wp:attachment":[{"href":"https:\/\/service.conbrio.de\/service\/wp-json\/wp\/v2\/media?parent=2375"}],"wp:term":[{"taxonomy":"category","embeddable":true,"href":"https:\/\/service.conbrio.de\/service\/wp-json\/wp\/v2\/categories?post=2375"},{"taxonomy":"post_tag","embeddable":true,"href":"https:\/\/service.conbrio.de\/service\/wp-json\/wp\/v2\/tags?post=2375"}],"curies":[{"name":"wp","href":"https:\/\/api.w.org\/{rel}","templated":true}]}}