{"id":3444,"date":"2022-01-05T17:00:08","date_gmt":"2022-01-05T16:00:08","guid":{"rendered":"https:\/\/service.conbrio.de\/service\/?p=3444"},"modified":"2024-07-05T11:04:53","modified_gmt":"2024-07-05T09:04:53","slug":"06-01-2022-der-radiotag","status":"publish","type":"post","link":"https:\/\/service.conbrio.de\/service\/06-01-2022-der-radiotag\/","title":{"rendered":"06.01.2022 \u2013 der radiotag"},"content":{"rendered":"<h3>00:05 bis 01:00 | Deutschlandfunk Kultur<br \/>\n<strong>Neue Musik: Festival Time:Spans 2021 \u2013 New York (3)<\/strong><\/h3>\n<h3>00:10 bis 02:00 | Bayern 2<br \/>\n<strong>Concerto bavarese: Bayerische Komponisten<\/strong><\/h3>\n<p><strong>Heinz Benker<\/strong>: \u201eSieben Szenen\u201c (Gudrun Goldbeck, Fl\u00f6te; Johannes Tappert, Gitarre); <strong>Siegfried Behrend<\/strong>: \u201eAbendmusik\u201c (Gerd Jan Bluhm, Gitarre); <strong>Jan Koetsier<\/strong>: Konzert, op. 133 (Blech Beauty Quintett; M\u00fcnchner Symphoniker: Christoph Stepp); G\u00e1bor P\u00e9ter M\u00e9zei: Vier Charakterst\u00fccke (G\u00e1bor P\u00e9ter M\u00e9zei, Klavier); Hans M\u00fcller-Oertling: Streichquartett Nr. 1 (Keller Quartett); Robert Owens: Three Songs, op. 18 (Elisabeth Emme, Alt; Robert Owens, Klavier)<\/p>\n<h3>17:10:00 | \u00d61<br \/>\n<strong>Zum 100. Geburtstag der Jazz-und Pops\u00e4ngerin Thelma Gracen <\/strong><\/h3>\n<p>\u201eSie hat den Beat, das Feeling und dieses besondere innere Verst\u00e4ndnis eines Texts, das einen gleichg\u00fcltigen Song gut klingen lassen kann, einen guten Song gro\u00dfartig klingen und einen gro\u00dfartigen Song so klingen lassen, wie er klingen sollte.\u201c Gemeint ist die S\u00e4ngerin Thelma Gracen, die am Dreik\u00f6nigstag des Jahres 1922 in der US-Stadt Chicago zur Welt kam. Die sie anpreisenden Zeilen sind auf der R\u00fcckseite des Plattencovers ihrer ersten und einzigen LP zu lesen. Im Alter von 33 Jahren hat Gracen das Album in Hollywood aufgenommen, nachdem ein Talentscout des Labels \u201eWings\u201c ihre wunderbare Stimme entdeckt hatte.<\/p>\n<p>Als Teenager hatte Thelma Gracen bereits in den Clubs und bei Tanzveranstaltungen in ihrer Nachbarschaft gesungen. Mit zunehmendem Alter erweiterte sie ihren Aktionsradius und trat in der Innenstadt ebenso wie in den Vororten von Chicago auf. Sie wurde zur S\u00e4ngerin popul\u00e4rer Tanzbands wie jenen von Jan Garber und Shep Field. Gemeinsame Auftritte und Plattenaufnahmen mit Freddy Slacks Band riefen schlie\u00dflich den Talentscout von \u201eWings\u201c auf den Plan.<\/p>\n<p>Umschmeichelt von honigs\u00fc\u00dfen Gitarrenakkorden, w\u00e4rmenden Saxophonsoli, dezenten Schlagzeuggrooves, unaufdringlich akzentuiertem Klavierspiel und einem Schrittempo vorgebenden Walkingbass singt sie Hits wie \u201eI\u2019ll Remember April\u201c (1951) und \u201eTea for Two\u201c (1924) -um nur die chronologisch \u00e4u\u00dfersten Pfeiler jender Lieder zu nennen, die sie f\u00fcr ihr Album ausgew\u00e4hlt hat.<\/p>\n<h3>19:30 bis 20:00 | Deutschlandfunk Kultur<br \/>\n<strong>Mit Big Data gegen neue Krankheiten Lassen sich Pandemien verhindern?<\/strong><\/h3>\n<p>Von Matthias Becker. Die Corona-Pandemie hat gezeigt, wie schnell sich neuartige Krankheitserreger global ausbreiten k\u00f6nnen. Lassen sich Epidemien im Keim ersticken, wenn sie nur fr\u00fch genug erkannt werden?<\/p>\n<h3>20:04 bis 21:30 | SR2 KulturRadio<br \/>\n<strong>Mouvement: Engel in Neuer Musik (1)<\/strong><\/h3>\n<p><strong>Einojuhani Rautavaara<\/strong>: Angels and visitations | <strong>Lisa Streich<\/strong>: (Engel, \u2026) noch tastend | <strong>Olivier Messiaen<\/strong>: Eclairs sur l\u2019au-del\u00e0 (Ausschnitt) | <strong>Peteris Vasks<\/strong>: Vientulais engelis | <strong>Konstantia Gourzi<\/strong>: An\u00e1jikon (Ausschnitt) | <strong>Dimitri Terzakis<\/strong>: Von Engeln und D\u00e4monen<\/p>\n<h3>20:00\u00a0 | hr2-kultur<br \/>\n<strong>H\u00f6rbar in concert: Luisa Cottifogli Trio feat. <\/strong><strong>Maria Petrova Festival Glatt &amp; Verkehrt (Teil I)<\/strong><\/h3>\n<p>Luisa Cottifogli versucht die M\u00f6glichkeiten der menschlichen Stimme auszuloten: vom tiefsten emotionalen Ausdruck bis zu den h\u00f6chsten Noten, vom traditionellen Lied bis zum Scat-Gesang, von der Imitation anderer Instrumente bis zum Jodeln.<\/p>\n<h3>21:30 bis 22:30 | hr2-kultur<br \/>\n<strong>Neue Musik | Tonlos \u2013 Atem als Neue Musik<\/strong><\/h3>\n<p>Eine Sendung von Sylvia Freydank. Atem ist Leben, der Grundrhythmus unseres Daseins und unmittelbarer Ausdruck unserer Befindlichkeit. Musik, ohne ihn, lebt nicht, ist tot \u2013 metaphorisch wie konkret.<\/p>\n<p>Atem brauchen Bl\u00e4ser und S\u00e4nger zur Tonerzeugung, das Zusammenspiel im Ensemble muss atmen, um die entsprechende Klanggestaltung, das gemeinsame Tempo, die passende Agogik und gew\u00fcnschte Phrasierung zu erzeugen. Dennoch r\u00fcckt der Atem nur selten ins Zentrum einer Komposition. In Werken von Dieter Schnebel, Joan La Barbara, Christina Kubisch, Mauricio Kagel, Vinko Globokar u.a. aber werden die \u201eAtemz\u00fcge\u201c h\u00f6rbar und entfalten ein weites wie sch\u00f6nes Klangpanorama.<\/p>\n<h3>22:03 Uhr | Deutschlandfunk Kultur<br \/>\n<strong>Freispiel: Schwerpunkt: So ein Braver! Mein geliebtes Haustier \u2013 Mein Schneck ist mir Bed\u00fcrfnis<\/strong><\/h3>\n<p>Von Gesche Piening. Regie: die Autorin. Mit: Katja B\u00fcrkle, Johannes Hitzelberger, Marlen Reichert und Michael Tregor; Kontrabass: Barbara Streidl; Gesang: Sextett \u201eWagnis3\u201c. Ton: Josuel Theegarten. Produktion: BR 2016. L\u00e4nge: 54\u201958<\/p>\n<p>Unser Umgang mit Haustieren hat sich fundamental gewandelt. Ob Katze, Hund oder Assel \u2212 als beste Freunde und treuste Begleiter mit einer Vielzahl menschlicher Privilegien sind unsere Haustiere l\u00e4ngst zur eigenen Konsumentengruppe geworden.<\/p>\n<p>Der Markt stellt uns und unseren geliebten Haustieren eine umfangreiche Produkt- und Diensleistungspalette bereit: von der Wohnungseinrichtung im tierischen M\u00f6beldesign und dem Traumurlaub im Tierhotel \u00fcber Vorsorge-M\u00f6glichkeiten f\u00fcr schlechtere Zeiten bis hin zur letzten Ruhe auf dem Tierfriedhof. Unterdessen wird auch die Auswahl an Haustieren f\u00fcr die Halter immer attraktiver, denn f\u00fcr jedes Geld-, Zeit-, und Platzbudget ist ein passendes Tier im Angebot: von den versorgungsintensiven Haustierklassikern mit stetig steigender Lebenserwartung bis hin zu pflegeleichten und kurzlebigen K\u00e4fern \u2013 niemand muss mehr darauf verzichten, sein F\u00fcrsorge-Bed\u00fcrfnis nach Belieben auszuleben. Haustiere sind hoch im Kurs.<\/p>\n<p>Doch auf welchen politischen und \u00f6konomischen Grundannahmen basieren diese Verhaltensweisen gegen\u00fcber Haustieren? Und an welchem Punkt geraten sie mit unserer Tierliebe in Widerspruch? Welche ethischen Fragen stellen sich?<\/p>\n<p>F\u00fcr ihre Spurensuche interviewte Gesche Piening den Literaturprofessor Dr. Roland Borgards, Besucherinnen, Besucher sowie Verk\u00e4uferinnen und Verk\u00e4ufer der Heimtiermesse Hannover 2016. Au\u00dferdem Mitarbeiterinnen und Mitarbeiter eines Tierhotels, eines Tiernotrufs und eines Tierfriedhofs.<\/p>\n<p>Gesche Piening, 1978 in Hamburg geboren, Schauspielerin, Regisseurin, Autorin und Dozentin. Ihre Theaterarbeiten sind bundesweit in diversen Theaterh\u00e4usern und auf Festivals zu sehen und \u00fcberschreiten die Grenzen zwischen Theater, Literatur, Bildender Kunst und H\u00f6rfunk. F\u00fcr ihre bisherige k\u00fcnstlerische Arbeit wurde sie 2016 mit dem \u00d6d\u00f6n-von-Horv\u00e1th-Preis (F\u00f6rderpreis) ausgezeichnet. F\u00fcr den H\u00f6rfunk mehrere Radiofeatures und H\u00f6rspiele, 2021 Finalistin beim 70. H\u00f6rspielpreis der Kriegsblinden mit \u201eEinsam stirbt \u00f6fter\u201c (BR 2020). Zuletzt: \u201eBin pleite ohne mich\u201c (BR\/Deutschlandfunk Kultur 2021). Gesche Piening lebt in M\u00fcnchen.<\/p>\n<h3>22:05 Uhr | Deutschlandfunk<br \/>\n<strong>Historische Aufnahmen: Grenzenlose Virtuosit\u00e4t und schmelzender Ton \u2013 Der Fl\u00f6tist Jean-Pierre Rampal (1922 \u2013 2000)<\/strong><\/h3>\n<p>Am Mikrofon: Norbert Hornig. Dass sich die Traversfl\u00f6te als Soloinstrument im internationalen Konzertbetrieb etablieren konnte, ist ma\u00dfgeblich ein Verdienst von Jean-Pierre Rampal. Der am 7. Januar vor 100 Jahren in Marseille geborene K\u00fcnstler erkundete seit den 50er-Jahren mit Pioniergeist das Repertoire von der barocken und fr\u00fchklassischen Literatur angefangen, bis hin zur Musik des 20. Jahrhunderts. Zahlreiche Komponisten schrieben Werke f\u00fcr ihn, u.a. Jean Fran\u00e7aix, Francis Poulenc, Leonard Bernstein und Krzysztof Penderecki. Rampal liebte auch Jazz und Weltmusik. Er hatte Fans in allen Erdteilen, seine Schallplatten erreichten Millionenauflagen. Als Solist und P\u00e4dagoge inspirierte Jean-Pierre Rampal Generationen junger Fl\u00f6tisten, f\u00fcr viele war er wie eine Vaterfigur.<\/p>\n<h3>22:30 bis 23:00 | hr2-kultur<br \/>\n<strong>Jazz Now: Aus dem Dschungel der Neuver\u00f6ffentlichungen<\/strong><\/h3>\n<p>Am Mikrofon: Daniella Baumeister. Heute mit: Axel Fischbacher Trio: Bebop Sketches | Bruno Angelini: Transatlantic Roots | MLB Trio: Birka<\/p>\n<h3>23.03 | WDR 3<br \/>\n<strong>Open: Multitrack: Deconstructed Club Music<\/strong><\/h3>\n<p>Von gebrochenen Spiegeln und kantigen dancefloors: mit NGUZUNGUZU, Lotic, A\u00efsha Devi und anderen<\/p>\n<p>&nbsp;<\/p>\n","protected":false},"excerpt":{"rendered":"<p>00:05 bis 01:00 | Deutschlandfunk Kultur Neue Musik: Festival Time:Spans 2021 \u2013 New York (3) 00:10 bis 02:00 | Bayern 2 Concerto bavarese: Bayerische Komponisten Heinz Benker: \u201eSieben Szenen\u201c (Gudrun <a href=\"https:\/\/service.conbrio.de\/service\/06-01-2022-der-radiotag\/\" class=\"more-link\">[&hellip;]<\/a><\/p>\n","protected":false},"author":1,"featured_media":0,"comment_status":"closed","ping_status":"closed","sticky":false,"template":"","format":"standard","meta":{"_uag_custom_page_level_css":"","episode_type":"","audio_file":"","podmotor_file_id":"","podmotor_episode_id":"","cover_image":"","cover_image_id":"","duration":"","filesize":"","filesize_raw":"","date_recorded":"","explicit":"","block":"","itunes_episode_number":"","itunes_title":"","itunes_season_number":"","itunes_episode_type":"","Layout":"","footnotes":""},"categories":[136],"tags":[135],"class_list":["entry","author-hufner","post-3444","post","type-post","status-publish","format-standard","category-radio","tag-im-radio"],"cc_featured_image_caption":{"caption_text":"","source_text":"","source_url":""},"uagb_featured_image_src":{"full":false,"thumbnail":false,"medium":false,"medium_large":false,"large":false,"1536x1536":false,"2048x2048":false,"post-thumbnail":false,"stargazer-full":false},"uagb_author_info":{"display_name":"nmz","author_link":"https:\/\/service.conbrio.de\/service\/author\/hufner\/"},"uagb_comment_info":0,"uagb_excerpt":"00:05 bis 01:00 | Deutschlandfunk Kultur Neue Musik: Festival Time:Spans 2021 \u2013 New York (3) 00:10 bis 02:00 | Bayern 2 Concerto bavarese: Bayerische Komponisten Heinz Benker: \u201eSieben Szenen\u201c (Gudrun [&hellip;]","_links":{"self":[{"href":"https:\/\/service.conbrio.de\/service\/wp-json\/wp\/v2\/posts\/3444","targetHints":{"allow":["GET"]}}],"collection":[{"href":"https:\/\/service.conbrio.de\/service\/wp-json\/wp\/v2\/posts"}],"about":[{"href":"https:\/\/service.conbrio.de\/service\/wp-json\/wp\/v2\/types\/post"}],"author":[{"embeddable":true,"href":"https:\/\/service.conbrio.de\/service\/wp-json\/wp\/v2\/users\/1"}],"replies":[{"embeddable":true,"href":"https:\/\/service.conbrio.de\/service\/wp-json\/wp\/v2\/comments?post=3444"}],"version-history":[{"count":1,"href":"https:\/\/service.conbrio.de\/service\/wp-json\/wp\/v2\/posts\/3444\/revisions"}],"predecessor-version":[{"id":3445,"href":"https:\/\/service.conbrio.de\/service\/wp-json\/wp\/v2\/posts\/3444\/revisions\/3445"}],"wp:attachment":[{"href":"https:\/\/service.conbrio.de\/service\/wp-json\/wp\/v2\/media?parent=3444"}],"wp:term":[{"taxonomy":"category","embeddable":true,"href":"https:\/\/service.conbrio.de\/service\/wp-json\/wp\/v2\/categories?post=3444"},{"taxonomy":"post_tag","embeddable":true,"href":"https:\/\/service.conbrio.de\/service\/wp-json\/wp\/v2\/tags?post=3444"}],"curies":[{"name":"wp","href":"https:\/\/api.w.org\/{rel}","templated":true}]}}